{"id":9917,"date":"2023-10-27T19:06:00","date_gmt":"2023-10-27T19:06:00","guid":{"rendered":"https:\/\/lfs.tax\/?p=9917"},"modified":"2023-12-26T19:06:23","modified_gmt":"2023-12-26T19:06:23","slug":"fernanda-y-florencia-participaron-del-75o-congreso-de-la-ifa-en-cancun-mexico","status":"publish","type":"post","link":"https:\/\/lfs.tax\/es\/institucionales\/fernanda-y-florencia-participaron-del-75o-congreso-de-la-ifa-en-cancun-mexico\/","title":{"rendered":"Fernanda y Florencia participaron del 75\u00ba Congreso ..."},"content":{"rendered":"\n<p>Fernanda y Florencia participaron del 75\u00ba Congreso de la IFA en Canc\u00fan, M\u00e9xico, del 22 al 26 de octubre.<\/p>\n\n\n\n<p>Reuni\u00f3 los temas cient\u00edficos m\u00e1s recientes para ofrecer a los participantes un excelente foro para intercambiar y debatir, reunirse e interactuar con amigos, colegas, patrocinadores y expositores.<\/p>\n\n\n\n<p>Sus objetivos son el estudio y el avance del derecho internacional en materia de finanzas p\u00fablicas, espec\u00edficamente el derecho fiscal internacional y los aspectos financieros y econ\u00f3micos de la tributaci\u00f3n<\/p>\n","protected":false},"excerpt":{"rendered":"<p>Fernanda y Florencia participaron del 75\u00ba Congreso de la IFA en Canc\u00fan, M\u00e9xico, del 22 al 26 de octubre. Reuni\u00f3 los temas cient\u00edficos m\u00e1s recientes para ofrecer a los participantes un excelente foro para intercambiar y debatir, reunirse e interactuar con amigos, colegas, patrocinadores y expositores. Sus objetivos son el estudio y el avance del [&hellip;]<\/p>\n","protected":false},"author":1,"featured_media":9918,"comment_status":"open","ping_status":"open","sticky":false,"template":"","format":"standard","meta":{"_acf_changed":false,"_monsterinsights_skip_tracking":false,"_monsterinsights_sitenote_active":false,"_monsterinsights_sitenote_note":"","_monsterinsights_sitenote_category":0,"footnotes":""},"categories":[21],"tags":[19,18],"class_list":["post-9917","post","type-post","status-publish","format-standard","has-post-thumbnail","hentry","category-institucionales","tag-fernandez-sabella","tag-laiun"],"acf":[],"_links":{"self":[{"href":"https:\/\/lfs.tax\/es\/wp-json\/wp\/v2\/posts\/9917","targetHints":{"allow":["GET"]}}],"collection":[{"href":"https:\/\/lfs.tax\/es\/wp-json\/wp\/v2\/posts"}],"about":[{"href":"https:\/\/lfs.tax\/es\/wp-json\/wp\/v2\/types\/post"}],"author":[{"embeddable":true,"href":"https:\/\/lfs.tax\/es\/wp-json\/wp\/v2\/users\/1"}],"replies":[{"embeddable":true,"href":"https:\/\/lfs.tax\/es\/wp-json\/wp\/v2\/comments?post=9917"}],"version-history":[{"count":3,"href":"https:\/\/lfs.tax\/es\/wp-json\/wp\/v2\/posts\/9917\/revisions"}],"predecessor-version":[{"id":9921,"href":"https:\/\/lfs.tax\/es\/wp-json\/wp\/v2\/posts\/9917\/revisions\/9921"}],"wp:featuredmedia":[{"embeddable":true,"href":"https:\/\/lfs.tax\/es\/wp-json\/wp\/v2\/media\/9918"}],"wp:attachment":[{"href":"https:\/\/lfs.tax\/es\/wp-json\/wp\/v2\/media?parent=9917"}],"wp:term":[{"taxonomy":"category","embeddable":true,"href":"https:\/\/lfs.tax\/es\/wp-json\/wp\/v2\/categories?post=9917"},{"taxonomy":"post_tag","embeddable":true,"href":"https:\/\/lfs.tax\/es\/wp-json\/wp\/v2\/tags?post=9917"}],"curies":[{"name":"wp","href":"https:\/\/api.w.org\/{rel}","templated":true}]}}