{"id":12503,"date":"2025-05-30T12:21:00","date_gmt":"2025-05-30T15:21:00","guid":{"rendered":"https:\/\/lfs.tax\/es\/?p=12503"},"modified":"2026-01-14T14:20:20","modified_gmt":"2026-01-14T17:20:20","slug":"fernanda-laiun-en-canal-e-el-debate-sobre-los-dolares-sin-declarar","status":"publish","type":"post","link":"https:\/\/lfs.tax\/es\/medios\/fernanda-laiun-en-canal-e-el-debate-sobre-los-dolares-sin-declarar\/","title":{"rendered":"Fernanda Lai\u00fan en Canal E: el debate sobre los d\u00f3 ..."},"content":{"rendered":"\n<p><strong><a href=\"https:\/\/www.linkedin.com\/in\/fernandalaiun\/\" target=\"_blank\" rel=\"noopener\">Fernanda Lai\u00fan<\/a><\/strong> particip\u00f3 de una entrevista emitida por <strong>Canal E<\/strong>, en la que analiz\u00f3 la situaci\u00f3n de los <strong>d\u00f3lares sin declarar<\/strong> y el contexto actual de las medidas que se discuten para incentivar su exteriorizaci\u00f3n.<br>Durante la charla, Fernanda se refiri\u00f3 a los riesgos asociados a la informalidad, los posibles escenarios para los contribuyentes y la importancia de comprender el alcance de las iniciativas oficiales en un marco de mayor control y fiscalizaci\u00f3n.<\/p>\n\n\n\n<figure class=\"wp-block-embed is-type-video is-provider-youtube wp-block-embed-youtube wp-embed-aspect-16-9 wp-has-aspect-ratio\"><div class=\"wp-block-embed__wrapper\">\n<iframe title=\"Fernanda Laiun sobre los d\u00f3lares sin declarar\" width=\"640\" height=\"360\" data-src=\"https:\/\/www.youtube.com\/embed\/YQuhLMX0kPU?feature=oembed\" frameborder=\"0\" allow=\"accelerometer; autoplay; clipboard-write; encrypted-media; gyroscope; picture-in-picture; web-share\" referrerpolicy=\"strict-origin-when-cross-origin\" allowfullscreen src=\"data:image\/svg+xml;base64,PHN2ZyB3aWR0aD0iMSIgaGVpZ2h0PSIxIiB4bWxucz0iaHR0cDovL3d3dy53My5vcmcvMjAwMC9zdmciPjwvc3ZnPg==\" class=\"lazyload\" data-load-mode=\"1\"><\/iframe>\n<\/div><\/figure>\n","protected":false},"excerpt":{"rendered":"<p>Fernanda Lai\u00fan particip\u00f3 de una entrevista emitida por Canal E, en la que analiz\u00f3 la situaci\u00f3n de los d\u00f3lares sin declarar y el contexto actual de las medidas que se discuten para incentivar su exteriorizaci\u00f3n.Durante la charla, Fernanda se refiri\u00f3 a los riesgos asociados a la informalidad, los posibles escenarios para los contribuyentes y la [&hellip;]<\/p>\n","protected":false},"author":1,"featured_media":12505,"comment_status":"closed","ping_status":"closed","sticky":false,"template":"","format":"standard","meta":{"_acf_changed":false,"_monsterinsights_skip_tracking":false,"_monsterinsights_sitenote_active":false,"_monsterinsights_sitenote_note":"","_monsterinsights_sitenote_category":0,"footnotes":""},"categories":[50],"tags":[55,18],"class_list":["post-12503","post","type-post","status-publish","format-standard","has-post-thumbnail","hentry","category-medios","tag-canal-e","tag-laiun"],"acf":[],"_links":{"self":[{"href":"https:\/\/lfs.tax\/es\/wp-json\/wp\/v2\/posts\/12503","targetHints":{"allow":["GET"]}}],"collection":[{"href":"https:\/\/lfs.tax\/es\/wp-json\/wp\/v2\/posts"}],"about":[{"href":"https:\/\/lfs.tax\/es\/wp-json\/wp\/v2\/types\/post"}],"author":[{"embeddable":true,"href":"https:\/\/lfs.tax\/es\/wp-json\/wp\/v2\/users\/1"}],"replies":[{"embeddable":true,"href":"https:\/\/lfs.tax\/es\/wp-json\/wp\/v2\/comments?post=12503"}],"version-history":[{"count":1,"href":"https:\/\/lfs.tax\/es\/wp-json\/wp\/v2\/posts\/12503\/revisions"}],"predecessor-version":[{"id":12506,"href":"https:\/\/lfs.tax\/es\/wp-json\/wp\/v2\/posts\/12503\/revisions\/12506"}],"wp:featuredmedia":[{"embeddable":true,"href":"https:\/\/lfs.tax\/es\/wp-json\/wp\/v2\/media\/12505"}],"wp:attachment":[{"href":"https:\/\/lfs.tax\/es\/wp-json\/wp\/v2\/media?parent=12503"}],"wp:term":[{"taxonomy":"category","embeddable":true,"href":"https:\/\/lfs.tax\/es\/wp-json\/wp\/v2\/categories?post=12503"},{"taxonomy":"post_tag","embeddable":true,"href":"https:\/\/lfs.tax\/es\/wp-json\/wp\/v2\/tags?post=12503"}],"curies":[{"name":"wp","href":"https:\/\/api.w.org\/{rel}","templated":true}]}}