{"id":12471,"date":"2025-06-03T12:27:00","date_gmt":"2025-06-03T15:27:00","guid":{"rendered":"https:\/\/lfs.tax\/es\/?p=12471"},"modified":"2026-01-13T12:39:22","modified_gmt":"2026-01-13T15:39:22","slug":"dolares-del-colchon-el-analisis-de-fernanda-laiun-sobre-los-articulos-clave-del-proyecto-de-ley","status":"publish","type":"post","link":"https:\/\/lfs.tax\/es\/medios\/dolares-del-colchon-el-analisis-de-fernanda-laiun-sobre-los-articulos-clave-del-proyecto-de-ley\/","title":{"rendered":"D\u00f3lares \u201cdel colch\u00f3n\u201d: el an\u00e1lisis de Fernan ..."},"content":{"rendered":"\n<p>Nuestra socia <a href=\"https:\/\/www.linkedin.com\/in\/fernandalaiun\/\" target=\"_blank\" rel=\"noopener\">Fernanda Lai\u00fan<\/a> escribi\u00f3 una nota en <strong>Infobae<\/strong> en la que analiz\u00f3 los<strong> dos art\u00edculos centrales <\/strong>del proyecto de ley que prepara el Gobierno para avanzar en la regularizaci\u00f3n de d\u00f3lares no declarados. En su an\u00e1lisis, explic\u00f3 el alcance de las medidas y los mecanismos previstos para \u201cblindar\u201d el nuevo esquema normativo.<br>A lo largo del art\u00edculo, Fernanda detall\u00f3 los <strong>aspectos t\u00e9cnicos y jur\u00eddicos<\/strong> de la iniciativa, as\u00ed como los posibles efectos sobre los contribuyentes y el sistema econ\u00f3mico, destacando la importancia de comprender el marco legal que se busca implementar y sus implicancias pr\u00e1cticas.<\/p>\n\n\n\n<p><a href=\"https:\/\/www.infobae.com\/economia\/2025\/06\/03\/dolares-del-colchon-que-dicen-los-dos-articulos-clave-de-la-ley-que-prepara-el-gobierno-para-blindar-las-medidas\" target=\"_blank\" rel=\"noopener\">https:\/\/www.infobae.com\/economia\/2025\/06\/03\/dolares-del-colchon-que-dicen-los-dos-articulos-clave-de-la-ley-que-prepara-el-gobierno-para-blindar-las-medidas<\/a><\/p>\n","protected":false},"excerpt":{"rendered":"<p>Nuestra socia Fernanda Lai\u00fan escribi\u00f3 una nota en Infobae en la que analiz\u00f3 los dos art\u00edculos centrales del proyecto de ley que prepara el Gobierno para avanzar en la regularizaci\u00f3n de d\u00f3lares no declarados. En su an\u00e1lisis, explic\u00f3 el alcance de las medidas y los mecanismos previstos para \u201cblindar\u201d el nuevo esquema normativo.A lo largo [&hellip;]<\/p>\n","protected":false},"author":1,"featured_media":12472,"comment_status":"closed","ping_status":"closed","sticky":false,"template":"","format":"standard","meta":{"_acf_changed":false,"_monsterinsights_skip_tracking":false,"_monsterinsights_sitenote_active":false,"_monsterinsights_sitenote_note":"","_monsterinsights_sitenote_category":0,"footnotes":""},"categories":[50],"tags":[39,18],"class_list":["post-12471","post","type-post","status-publish","format-standard","has-post-thumbnail","hentry","category-medios","tag-infobae","tag-laiun"],"acf":[],"_links":{"self":[{"href":"https:\/\/lfs.tax\/es\/wp-json\/wp\/v2\/posts\/12471","targetHints":{"allow":["GET"]}}],"collection":[{"href":"https:\/\/lfs.tax\/es\/wp-json\/wp\/v2\/posts"}],"about":[{"href":"https:\/\/lfs.tax\/es\/wp-json\/wp\/v2\/types\/post"}],"author":[{"embeddable":true,"href":"https:\/\/lfs.tax\/es\/wp-json\/wp\/v2\/users\/1"}],"replies":[{"embeddable":true,"href":"https:\/\/lfs.tax\/es\/wp-json\/wp\/v2\/comments?post=12471"}],"version-history":[{"count":1,"href":"https:\/\/lfs.tax\/es\/wp-json\/wp\/v2\/posts\/12471\/revisions"}],"predecessor-version":[{"id":12473,"href":"https:\/\/lfs.tax\/es\/wp-json\/wp\/v2\/posts\/12471\/revisions\/12473"}],"wp:featuredmedia":[{"embeddable":true,"href":"https:\/\/lfs.tax\/es\/wp-json\/wp\/v2\/media\/12472"}],"wp:attachment":[{"href":"https:\/\/lfs.tax\/es\/wp-json\/wp\/v2\/media?parent=12471"}],"wp:term":[{"taxonomy":"category","embeddable":true,"href":"https:\/\/lfs.tax\/es\/wp-json\/wp\/v2\/categories?post=12471"},{"taxonomy":"post_tag","embeddable":true,"href":"https:\/\/lfs.tax\/es\/wp-json\/wp\/v2\/tags?post=12471"}],"curies":[{"name":"wp","href":"https:\/\/api.w.org\/{rel}","templated":true}]}}