{"id":12462,"date":"2025-04-03T10:52:00","date_gmt":"2025-04-03T13:52:00","guid":{"rendered":"https:\/\/lfs.tax\/es\/?p=12462"},"modified":"2026-01-12T11:03:20","modified_gmt":"2026-01-12T14:03:20","slug":"fernanda-laiun-en-canal-e-evasion-fiscal-y-riesgos-para-la-sostenibilidad-del-sistema-jubilatorio","status":"publish","type":"post","link":"https:\/\/lfs.tax\/es\/medios\/fernanda-laiun-en-canal-e-evasion-fiscal-y-riesgos-para-la-sostenibilidad-del-sistema-jubilatorio\/","title":{"rendered":"Fernanda Lai\u00fan en Canal E: evasi\u00f3n fiscal y riesg ..."},"content":{"rendered":"\n<p><strong><a href=\"https:\/\/www.linkedin.com\/in\/fernandalaiun\/\" target=\"_blank\" rel=\"noopener\">Fernanda Lai\u00fan<\/a><\/strong> analiz\u00f3 en <strong>Canal E<\/strong> los desaf\u00edos que enfrenta el sistema jubilatorio argentino frente a<strong> la<\/strong> <strong>evasi\u00f3n fiscal y la falta de aportes de quienes trabajan de manera informal.<\/strong> La especialista advirti\u00f3 que <strong>el crecimiento de la actividad irregular, junto con la baja registraci\u00f3n laboral, debilita la base de aportes y pone en riesgo la sostenibilidad del sistema previsional<\/strong>, afectando no solo las futuras jubilaciones sino tambi\u00e9n <strong>la estructura econ\u00f3mica general del pa\u00eds.<\/strong><\/p>\n\n\n\n<p>Ingres\u00e1 al siguiente link para ver la entrevista completa:  <a href=\"https:\/\/www.perfil.com\/noticias\/canal-e\/laiun-todo-aquel-que-no-esta-registrado-legal-o-ilegalmente-empobrece-el-sistema-jubilatorio.phtml\" target=\"_blank\" rel=\"noopener\">https:\/\/www.perfil.com\/noticias\/canal-e\/laiun-todo-aquel-que-no-esta-registrado-legal-o-ilegalmente-empobrece-el-sistema-jubilatorio.phtml<\/a><\/p>\n\n\n\n<p><\/p>\n","protected":false},"excerpt":{"rendered":"<p>Fernanda Lai\u00fan analiz\u00f3 en Canal E los desaf\u00edos que enfrenta el sistema jubilatorio argentino frente a la evasi\u00f3n fiscal y la falta de aportes de quienes trabajan de manera informal. La especialista advirti\u00f3 que el crecimiento de la actividad irregular, junto con la baja registraci\u00f3n laboral, debilita la base de aportes y pone en riesgo [&hellip;]<\/p>\n","protected":false},"author":1,"featured_media":12463,"comment_status":"closed","ping_status":"closed","sticky":false,"template":"","format":"standard","meta":{"_acf_changed":false,"_monsterinsights_skip_tracking":false,"_monsterinsights_sitenote_active":false,"_monsterinsights_sitenote_note":"","_monsterinsights_sitenote_category":0,"footnotes":""},"categories":[50],"tags":[55,18],"class_list":["post-12462","post","type-post","status-publish","format-standard","has-post-thumbnail","hentry","category-medios","tag-canal-e","tag-laiun"],"acf":[],"_links":{"self":[{"href":"https:\/\/lfs.tax\/es\/wp-json\/wp\/v2\/posts\/12462","targetHints":{"allow":["GET"]}}],"collection":[{"href":"https:\/\/lfs.tax\/es\/wp-json\/wp\/v2\/posts"}],"about":[{"href":"https:\/\/lfs.tax\/es\/wp-json\/wp\/v2\/types\/post"}],"author":[{"embeddable":true,"href":"https:\/\/lfs.tax\/es\/wp-json\/wp\/v2\/users\/1"}],"replies":[{"embeddable":true,"href":"https:\/\/lfs.tax\/es\/wp-json\/wp\/v2\/comments?post=12462"}],"version-history":[{"count":1,"href":"https:\/\/lfs.tax\/es\/wp-json\/wp\/v2\/posts\/12462\/revisions"}],"predecessor-version":[{"id":12464,"href":"https:\/\/lfs.tax\/es\/wp-json\/wp\/v2\/posts\/12462\/revisions\/12464"}],"wp:featuredmedia":[{"embeddable":true,"href":"https:\/\/lfs.tax\/es\/wp-json\/wp\/v2\/media\/12463"}],"wp:attachment":[{"href":"https:\/\/lfs.tax\/es\/wp-json\/wp\/v2\/media?parent=12462"}],"wp:term":[{"taxonomy":"category","embeddable":true,"href":"https:\/\/lfs.tax\/es\/wp-json\/wp\/v2\/categories?post=12462"},{"taxonomy":"post_tag","embeddable":true,"href":"https:\/\/lfs.tax\/es\/wp-json\/wp\/v2\/tags?post=12462"}],"curies":[{"name":"wp","href":"https:\/\/api.w.org\/{rel}","templated":true}]}}