{"id":11783,"date":"2025-02-28T17:52:00","date_gmt":"2025-02-28T17:52:00","guid":{"rendered":"https:\/\/lfs.tax\/es\/?p=11783"},"modified":"2025-10-15T12:57:09","modified_gmt":"2025-10-15T15:57:09","slug":"doble-iva-yesica-baigorri-infobae","status":"publish","type":"post","link":"https:\/\/lfs.tax\/es\/impuestos\/doble-iva-yesica-baigorri-infobae\/","title":{"rendered":"C\u00f3mo impacta la eliminaci\u00f3n del \u201cdoble IVA\u201d e ..."},"content":{"rendered":"\n<p>En una nota publicada por <em>Infobae<\/em>, <strong><a href=\"https:\/\/lfs.tax\/es\/yesica-baigorri\" data-type=\"link\" data-id=\"https:\/\/lfs.tax\/es\/yesica-baigorri\">Y\u00e9sica Baigorri<\/a><\/strong>, socia <strong>LFS<\/strong>, analiz\u00f3 los efectos fiscales de la decisi\u00f3n del Gobierno de eliminar las percepciones de IVA y Ganancias sobre importaciones definitivas, conocido como \u00abdoble IVA\u00bb. La medida busca aliviar el costo financiero de las empresas e impulsar la competitividad del sector industrial.<\/p>\n\n\n\n<p><strong>Y\u00e9sica Baigorri<\/strong> fue consultada por <em>Infobae<\/em> acerca del alcance y las implicancias fiscales de la decisi\u00f3n del Gobierno nacional de <strong>eliminar las percepciones de IVA y Ganancias sobre importaciones definitivas<\/strong> para aquellas empresas que mantengan <strong>saldos a favor<\/strong> en sus declaraciones.<\/p>\n\n\n\n<p>La medida, vigente desde el <strong>1\u00b0 de marzo de 2025<\/strong>, pone fin a la restricci\u00f3n impuesta en 2023 que imped\u00eda utilizar <strong>certificados de exclusi\u00f3n<\/strong> para evitar retenciones impositivas en operaciones de importaci\u00f3n. Su objetivo es <strong>reducir la presi\u00f3n fiscal<\/strong> sobre sectores productivos \u2014especialmente la <strong>industria automotriz<\/strong>, que importa insumos y exporta veh\u00edculos\u2014 y <strong>mejorar la competitividad exportadora<\/strong>.<\/p>\n\n\n\n<h4 class=\"wp-block-heading\">Qu\u00e9 dijo Y\u00e9sica Baigorri sobre la eliminaci\u00f3n del \u00abdoble iva\u00bb<\/h4>\n\n\n\n<p>En di\u00e1logo con <em>Infobae<\/em>, <strong>Baigorri<\/strong> explic\u00f3 que esta suspensi\u00f3n generaba una importante distorsi\u00f3n financiera:<\/p>\n\n\n\n<p>\u201cLa suspensi\u00f3n vigente desde marzo de 2023 gener\u00f3 en muchos importadores una gran acumulaci\u00f3n de saldos a favor por un ingreso en exceso del impuesto, que se vio significativamente desvalorizada por la inflaci\u00f3n, sin posibilidad de actualizaci\u00f3n para su c\u00f3mputo. Esto implic\u00f3 que las empresas debieran absorber <strong>p\u00e9rdidas econ\u00f3micas y financieras significativas<\/strong>\u201d, se\u00f1al\u00f3.<\/p>\n\n\n\n<p>La especialista destac\u00f3 que la decisi\u00f3n del Gobierno <strong>alivia la carga financiera de las compa\u00f1\u00edas<\/strong>, ya que permite dejar de acumular cr\u00e9ditos fiscales inmovilizados que, hasta ahora, <strong>no pod\u00edan utilizarse ni recuperarse<\/strong> en tiempo razonable.<\/p>\n\n\n\n<p>Asimismo, <strong>Baigorri<\/strong> subray\u00f3 la necesidad de que el Estado avance con mayor eficiencia en los procedimientos de devoluci\u00f3n de saldos:<\/p>\n\n\n\n<blockquote class=\"wp-block-quote is-layout-flow wp-block-quote-is-layout-flow\">\n<p>\u201cSer\u00eda importante que la Administraci\u00f3n Fiscal eval\u00fae adem\u00e1s, en el corto plazo, <strong>agilizar los tr\u00e1mites de devoluci\u00f3n de saldos a favor<\/strong>, procesos que actualmente tienen una demora significativa de aproximadamente dos a\u00f1os, para mostrar un compromiso con la legalidad y el cumplimiento de los impuestos\u201d, agreg\u00f3.<\/p>\n<\/blockquote>\n\n\n\n<p>La tributarista remarc\u00f3 que la medida es un paso positivo hacia un esquema m\u00e1s equilibrado entre recaudaci\u00f3n y sustentabilidad financiera del sector privado, especialmente en industrias que, como la automotriz, <strong>generan inversi\u00f3n, empleo y exportaciones<\/strong>.<\/p>\n\n\n\n<p>El art\u00edculo completo fue publicado por <em>Infobae<\/em> bajo el t\u00edtulo <strong>\u201cQu\u00e9 pasar\u00e1 con el precio de los autos tras la decisi\u00f3n de reducir la carga impositiva sobre las importaciones\u201d<\/strong>, donde se analizan las consecuencias de la eliminaci\u00f3n del llamado <em>doble IVA<\/em> y su impacto sobre la estructura de costos de las empresas.<\/p>\n\n\n\n<figure class=\"wp-block-image size-full is-resized\" id=\"https:\/\/www.infobae.com\/economia\/2025\/02\/28\/que-pasara-con-el-precio-de-los-autos-tras-la-decision-de-reducir-la-carga-impositiva-sobre-las-importaciones\/\"><a href=\"https:\/\/www.infobae.com\/economia\/2025\/02\/28\/que-pasara-con-el-precio-de-los-autos-tras-la-decision-de-reducir-la-carga-impositiva-sobre-las-importaciones\/\" target=\"_blank\" rel=\"noopener\"><img decoding=\"async\" width=\"282\" height=\"91\" data-src=\"https:\/\/lfs.tax\/wp-content\/uploads\/2025\/01\/leer-mas-6.png\" alt=\"\" class=\"wp-image-11355 lazyload\" style=\"--smush-placeholder-width: 282px; --smush-placeholder-aspect-ratio: 282\/91;width:164px;height:auto\" src=\"data:image\/svg+xml;base64,PHN2ZyB3aWR0aD0iMSIgaGVpZ2h0PSIxIiB4bWxucz0iaHR0cDovL3d3dy53My5vcmcvMjAwMC9zdmciPjwvc3ZnPg==\" \/><\/a><\/figure>\n","protected":false},"excerpt":{"rendered":"<p>En una nota publicada por Infobae, Y\u00e9sica Baigorri, socia LFS, analiz\u00f3 los efectos fiscales de la decisi\u00f3n del Gobierno de eliminar las percepciones de IVA y Ganancias sobre importaciones definitivas, conocido como \u00abdoble IVA\u00bb. La medida busca aliviar el costo financiero de las empresas e impulsar la competitividad del sector industrial. Y\u00e9sica Baigorri fue consultada [&hellip;]<\/p>\n","protected":false},"author":1,"featured_media":11784,"comment_status":"open","ping_status":"open","sticky":false,"template":"","format":"standard","meta":{"_acf_changed":false,"_monsterinsights_skip_tracking":false,"_monsterinsights_sitenote_active":false,"_monsterinsights_sitenote_note":"","_monsterinsights_sitenote_category":0,"footnotes":""},"categories":[15,50],"tags":[23,39],"class_list":["post-11783","post","type-post","status-publish","format-standard","has-post-thumbnail","hentry","category-impuestos","category-medios","tag-baigorri","tag-infobae"],"acf":[],"_links":{"self":[{"href":"https:\/\/lfs.tax\/es\/wp-json\/wp\/v2\/posts\/11783","targetHints":{"allow":["GET"]}}],"collection":[{"href":"https:\/\/lfs.tax\/es\/wp-json\/wp\/v2\/posts"}],"about":[{"href":"https:\/\/lfs.tax\/es\/wp-json\/wp\/v2\/types\/post"}],"author":[{"embeddable":true,"href":"https:\/\/lfs.tax\/es\/wp-json\/wp\/v2\/users\/1"}],"replies":[{"embeddable":true,"href":"https:\/\/lfs.tax\/es\/wp-json\/wp\/v2\/comments?post=11783"}],"version-history":[{"count":5,"href":"https:\/\/lfs.tax\/es\/wp-json\/wp\/v2\/posts\/11783\/revisions"}],"predecessor-version":[{"id":12117,"href":"https:\/\/lfs.tax\/es\/wp-json\/wp\/v2\/posts\/11783\/revisions\/12117"}],"wp:featuredmedia":[{"embeddable":true,"href":"https:\/\/lfs.tax\/es\/wp-json\/wp\/v2\/media\/11784"}],"wp:attachment":[{"href":"https:\/\/lfs.tax\/es\/wp-json\/wp\/v2\/media?parent=11783"}],"wp:term":[{"taxonomy":"category","embeddable":true,"href":"https:\/\/lfs.tax\/es\/wp-json\/wp\/v2\/categories?post=11783"},{"taxonomy":"post_tag","embeddable":true,"href":"https:\/\/lfs.tax\/es\/wp-json\/wp\/v2\/tags?post=11783"}],"curies":[{"name":"wp","href":"https:\/\/api.w.org\/{rel}","templated":true}]}}