{"id":11283,"date":"2024-06-17T12:59:51","date_gmt":"2024-06-17T12:59:51","guid":{"rendered":"https:\/\/lfs.tax\/es\/?p=11283"},"modified":"2024-06-26T13:03:50","modified_gmt":"2024-06-26T13:03:50","slug":"fernanda-laiun-opino-en-cronica-tv-junto-a-mariana-contartessi","status":"publish","type":"post","link":"https:\/\/lfs.tax\/es\/medios\/fernanda-laiun-opino-en-cronica-tv-junto-a-mariana-contartessi\/","title":{"rendered":"Fernanda Lai\u00fan opin\u00f3 en CR\u00d3NICA TV junto a Maria ..."},"content":{"rendered":"","protected":false},"excerpt":{"rendered":"","protected":false},"author":1,"featured_media":11284,"comment_status":"open","ping_status":"open","sticky":false,"template":"","format":"standard","meta":{"_acf_changed":false,"_monsterinsights_skip_tracking":false,"_monsterinsights_sitenote_active":false,"_monsterinsights_sitenote_note":"","_monsterinsights_sitenote_category":0,"footnotes":""},"categories":[50],"tags":[55,51],"class_list":["post-11283","post","type-post","status-publish","format-standard","has-post-thumbnail","hentry","category-medios","tag-canal-e","tag-cronica-tv"],"acf":[],"_links":{"self":[{"href":"https:\/\/lfs.tax\/es\/wp-json\/wp\/v2\/posts\/11283","targetHints":{"allow":["GET"]}}],"collection":[{"href":"https:\/\/lfs.tax\/es\/wp-json\/wp\/v2\/posts"}],"about":[{"href":"https:\/\/lfs.tax\/es\/wp-json\/wp\/v2\/types\/post"}],"author":[{"embeddable":true,"href":"https:\/\/lfs.tax\/es\/wp-json\/wp\/v2\/users\/1"}],"replies":[{"embeddable":true,"href":"https:\/\/lfs.tax\/es\/wp-json\/wp\/v2\/comments?post=11283"}],"version-history":[{"count":1,"href":"https:\/\/lfs.tax\/es\/wp-json\/wp\/v2\/posts\/11283\/revisions"}],"predecessor-version":[{"id":11285,"href":"https:\/\/lfs.tax\/es\/wp-json\/wp\/v2\/posts\/11283\/revisions\/11285"}],"wp:featuredmedia":[{"embeddable":true,"href":"https:\/\/lfs.tax\/es\/wp-json\/wp\/v2\/media\/11284"}],"wp:attachment":[{"href":"https:\/\/lfs.tax\/es\/wp-json\/wp\/v2\/media?parent=11283"}],"wp:term":[{"taxonomy":"category","embeddable":true,"href":"https:\/\/lfs.tax\/es\/wp-json\/wp\/v2\/categories?post=11283"},{"taxonomy":"post_tag","embeddable":true,"href":"https:\/\/lfs.tax\/es\/wp-json\/wp\/v2\/tags?post=11283"}],"curies":[{"name":"wp","href":"https:\/\/api.w.org\/{rel}","templated":true}]}}