{"id":10432,"date":"2023-12-29T18:44:00","date_gmt":"2023-12-29T18:44:00","guid":{"rendered":"https:\/\/lfs.tax\/?p=10432"},"modified":"2024-01-19T16:57:00","modified_gmt":"2024-01-19T16:57:00","slug":"la-opinion-de-florencia-en-el-articulo-de-silvia-stang-en-la-nacion","status":"publish","type":"post","link":"https:\/\/lfs.tax\/es\/impuestos\/la-opinion-de-florencia-en-el-articulo-de-silvia-stang-en-la-nacion\/","title":{"rendered":"La opini\u00f3n de Florencia Fern\u00e1ndez Sabella en el a ..."},"content":{"rendered":"\n<blockquote class=\"wp-block-quote is-style-plain has-white-background-color has-text-color has-background has-link-color wp-elements-e467a300bc46bf2090e65a68ffd6755e is-layout-flow wp-block-quote-is-layout-flow\" style=\"color:#000000ba;font-style:normal;font-weight:600\">\n<p class=\"has-white-background-color has-text-color has-background has-link-color wp-elements-f6d6956cceeabad59c7406d5d624b6f8\" style=\"color:#000000b8\">Ganancias: c\u00f3mo est\u00e1 hoy el impuesto y qui\u00e9nes pagar\u00edan si se vuelve atr\u00e1s con la ley aprobada para 2024.<\/p>\n<cite>LA NACI\u00d3N.<\/cite><\/blockquote>\n\n\n\n<figure class=\"wp-block-image size-full is-resized\"><a href=\"https:\/\/www.lanacion.com.ar\/economia\/ganancias-como-sera-el-impuesto-por-los-salarios-de-diciembre-nid29122023\/\" target=\"_blank\" rel=\"noopener\"><img decoding=\"async\" width=\"282\" height=\"91\" data-src=\"https:\/\/lfs.tax\/wp-content\/uploads\/2024\/01\/leer-mas-5.png\" alt=\"\" class=\"wp-image-10203 lazyload\" style=\"--smush-placeholder-width: 282px; --smush-placeholder-aspect-ratio: 282\/91;width:136px;height:auto\" src=\"data:image\/svg+xml;base64,PHN2ZyB3aWR0aD0iMSIgaGVpZ2h0PSIxIiB4bWxucz0iaHR0cDovL3d3dy53My5vcmcvMjAwMC9zdmciPjwvc3ZnPg==\" \/><\/a><\/figure>\n","protected":false},"excerpt":{"rendered":"<p>Ganancias: c\u00f3mo est\u00e1 hoy el impuesto y qui\u00e9nes pagar\u00edan si se vuelve atr\u00e1s con la ley aprobada para 2024. LA NACI\u00d3N.<\/p>\n","protected":false},"author":1,"featured_media":10439,"comment_status":"open","ping_status":"open","sticky":false,"template":"","format":"standard","meta":{"_acf_changed":false,"_monsterinsights_skip_tracking":false,"_monsterinsights_sitenote_active":false,"_monsterinsights_sitenote_note":"","_monsterinsights_sitenote_category":0,"footnotes":""},"categories":[32,15],"tags":[19,29],"class_list":["post-10432","post","type-post","status-publish","format-standard","has-post-thumbnail","hentry","category-publicaciones","category-impuestos","tag-fernandez-sabella","tag-la-nacion"],"acf":[],"_links":{"self":[{"href":"https:\/\/lfs.tax\/es\/wp-json\/wp\/v2\/posts\/10432","targetHints":{"allow":["GET"]}}],"collection":[{"href":"https:\/\/lfs.tax\/es\/wp-json\/wp\/v2\/posts"}],"about":[{"href":"https:\/\/lfs.tax\/es\/wp-json\/wp\/v2\/types\/post"}],"author":[{"embeddable":true,"href":"https:\/\/lfs.tax\/es\/wp-json\/wp\/v2\/users\/1"}],"replies":[{"embeddable":true,"href":"https:\/\/lfs.tax\/es\/wp-json\/wp\/v2\/comments?post=10432"}],"version-history":[{"count":8,"href":"https:\/\/lfs.tax\/es\/wp-json\/wp\/v2\/posts\/10432\/revisions"}],"predecessor-version":[{"id":10534,"href":"https:\/\/lfs.tax\/es\/wp-json\/wp\/v2\/posts\/10432\/revisions\/10534"}],"wp:featuredmedia":[{"embeddable":true,"href":"https:\/\/lfs.tax\/es\/wp-json\/wp\/v2\/media\/10439"}],"wp:attachment":[{"href":"https:\/\/lfs.tax\/es\/wp-json\/wp\/v2\/media?parent=10432"}],"wp:term":[{"taxonomy":"category","embeddable":true,"href":"https:\/\/lfs.tax\/es\/wp-json\/wp\/v2\/categories?post=10432"},{"taxonomy":"post_tag","embeddable":true,"href":"https:\/\/lfs.tax\/es\/wp-json\/wp\/v2\/tags?post=10432"}],"curies":[{"name":"wp","href":"https:\/\/api.w.org\/{rel}","templated":true}]}}