{"id":10360,"date":"2023-10-10T15:35:00","date_gmt":"2023-10-10T15:35:00","guid":{"rendered":"https:\/\/lfs.tax\/?p=10360"},"modified":"2024-01-19T17:14:39","modified_gmt":"2024-01-19T17:14:39","slug":"yesica-baigorri-participo-como-relatora-en-el-19-congreso-tributario-del-cpcecaba","status":"publish","type":"post","link":"https:\/\/lfs.tax\/es\/impuestos\/yesica-baigorri-participo-como-relatora-en-el-19-congreso-tributario-del-cpcecaba\/","title":{"rendered":"Y\u00e9sica Baigorri particip\u00f3 como relatora en el 19? ..."},"content":{"rendered":"\n<p>Entre el&nbsp;<strong>martes 10&nbsp;<\/strong>y el&nbsp;<strong>mi\u00e9rcoles 11 de octubre<\/strong>&nbsp;se llev\u00f3 a cabo el&nbsp;<strong>19\u00b0 Congreso Tributario<\/strong>,&nbsp;en el&nbsp;<strong>Sal\u00f3n Dr. Manuel Belgrano,<\/strong>&nbsp;en donde los principales referentes del \u00e1mbito analizaron los temas centrales de la agenda nacional, en lo que fue el evento acad\u00e9mico del a\u00f1o.<\/p>\n\n\n\n<p>La extensa jornada, que tuvo una duraci\u00f3n de 10 horas en cada d\u00eda y conto con una importante asistencia, se inici\u00f3 con el acto de apertura a cargo de nuestra presidenta, la Dra.&nbsp;<strong>Gabriela Russo<\/strong>, quien afirm\u00f3 que \u00ab<strong>el objetivo de este Congreso, y de las actividades acad\u00e9micas que realizamos, consiste en aportar al conocimiento de nuestros colegas y tambi\u00e9n generar documentos de valor a la sociedad\u00bb.<\/strong><\/p>\n\n\n\n<p>Adem\u00e1s, destac\u00f3 la importancia de la actividad\u00a0<strong>\u00abpara debatir ideas claves en materia tributaria de nuestro pa\u00eds. Varias de ellas fueron impulsadas desde nuestro Consejo a las autoridades, a trav\u00e9s de propuestas t\u00e9cnicas y aportes de valor\u00bb.<\/strong><\/p>\n\n\n\n<p>Los ejes tem\u00e1ticos que destacados expertos abordaron durante ambas jornadas fueron los siguientes:<\/p>\n\n\n\n<ul class=\"wp-block-list\">\n<li><strong>\u00abImposici\u00f3n a los consumos.&nbsp; Superposici\u00f3n de Tributos y efectos econ\u00f3micos\u00bb.<\/strong><\/li>\n\n\n\n<li><strong>\u00abFacultades de los Fiscos para establecer pagos a cuenta. Alcance y l\u00edmites\u00bb.<\/strong><\/li>\n<\/ul>\n\n\n\n<figure class=\"wp-block-image size-full is-resized\"><a href=\"https:\/\/www.consejo.org.ar\/capacitacion-profesional\/congresos-y-eventos\/congreso\/congresos-realizados\/19-congreso-tributario\" target=\"_blank\" rel=\"noopener\"><img decoding=\"async\" width=\"282\" height=\"91\" data-src=\"https:\/\/lfs.tax\/wp-content\/uploads\/2024\/01\/leer-mas-7.png\" alt=\"\" class=\"wp-image-10213 lazyload\" style=\"--smush-placeholder-width: 282px; --smush-placeholder-aspect-ratio: 282\/91;width:124px;height:auto\" src=\"data:image\/svg+xml;base64,PHN2ZyB3aWR0aD0iMSIgaGVpZ2h0PSIxIiB4bWxucz0iaHR0cDovL3d3dy53My5vcmcvMjAwMC9zdmciPjwvc3ZnPg==\" \/><\/a><\/figure>\n","protected":false},"excerpt":{"rendered":"<p>Entre el&nbsp;martes 10&nbsp;y el&nbsp;mi\u00e9rcoles 11 de octubre&nbsp;se llev\u00f3 a cabo el&nbsp;19\u00b0 Congreso Tributario,&nbsp;en el&nbsp;Sal\u00f3n Dr. Manuel Belgrano,&nbsp;en donde los principales referentes del \u00e1mbito analizaron los temas centrales de la agenda nacional, en lo que fue el evento acad\u00e9mico del a\u00f1o. La extensa jornada, que tuvo una duraci\u00f3n de 10 horas en cada d\u00eda y conto [&hellip;]<\/p>\n","protected":false},"author":1,"featured_media":10537,"comment_status":"open","ping_status":"open","sticky":false,"template":"","format":"standard","meta":{"_acf_changed":false,"_monsterinsights_skip_tracking":false,"_monsterinsights_sitenote_active":false,"_monsterinsights_sitenote_note":"","_monsterinsights_sitenote_category":0,"footnotes":""},"categories":[15],"tags":[23,27],"class_list":["post-10360","post","type-post","status-publish","format-standard","has-post-thumbnail","hentry","category-impuestos","tag-baigorri","tag-cpcecaba"],"acf":[],"_links":{"self":[{"href":"https:\/\/lfs.tax\/es\/wp-json\/wp\/v2\/posts\/10360","targetHints":{"allow":["GET"]}}],"collection":[{"href":"https:\/\/lfs.tax\/es\/wp-json\/wp\/v2\/posts"}],"about":[{"href":"https:\/\/lfs.tax\/es\/wp-json\/wp\/v2\/types\/post"}],"author":[{"embeddable":true,"href":"https:\/\/lfs.tax\/es\/wp-json\/wp\/v2\/users\/1"}],"replies":[{"embeddable":true,"href":"https:\/\/lfs.tax\/es\/wp-json\/wp\/v2\/comments?post=10360"}],"version-history":[{"count":3,"href":"https:\/\/lfs.tax\/es\/wp-json\/wp\/v2\/posts\/10360\/revisions"}],"predecessor-version":[{"id":10539,"href":"https:\/\/lfs.tax\/es\/wp-json\/wp\/v2\/posts\/10360\/revisions\/10539"}],"wp:featuredmedia":[{"embeddable":true,"href":"https:\/\/lfs.tax\/es\/wp-json\/wp\/v2\/media\/10537"}],"wp:attachment":[{"href":"https:\/\/lfs.tax\/es\/wp-json\/wp\/v2\/media?parent=10360"}],"wp:term":[{"taxonomy":"category","embeddable":true,"href":"https:\/\/lfs.tax\/es\/wp-json\/wp\/v2\/categories?post=10360"},{"taxonomy":"post_tag","embeddable":true,"href":"https:\/\/lfs.tax\/es\/wp-json\/wp\/v2\/tags?post=10360"}],"curies":[{"name":"wp","href":"https:\/\/api.w.org\/{rel}","templated":true}]}}